{"id":1311,"date":"2021-01-17T01:28:34","date_gmt":"2021-01-17T00:28:34","guid":{"rendered":"https:\/\/agoodlifeinparis.com\/le-travail-cest-de-lamour-rendu-visible\/"},"modified":"2021-12-17T17:31:20","modified_gmt":"2021-12-17T16:31:20","slug":"le-travail-cest-de-lamour-rendu-visible","status":"publish","type":"post","link":"https:\/\/agoodlifeinparis.com\/fr\/le-travail-cest-de-lamour-rendu-visible\/","title":{"rendered":"Le travail, c&rsquo;est de l&rsquo;amour rendu visible."},"content":{"rendered":"\n<style type=\"text\/css\" data-created_by=\"avia_inline_auto\" id=\"style-css-av-k5he29le-a488300eeff22a991794308b1146c11b\">\n.avia-image-container.av-k5he29le-a488300eeff22a991794308b1146c11b img.avia_image{\nbox-shadow:none;\n}\n.avia-image-container.av-k5he29le-a488300eeff22a991794308b1146c11b .av-image-caption-overlay-center{\ncolor:#ffffff;\n}\n<\/style>\n<div  class='avia-image-container av-k5he29le-a488300eeff22a991794308b1146c11b av-styling- avia-align-center  avia-builder-el-0  el_before_av_heading  avia-builder-el-first '   itemprop=\"image\" itemscope=\"itemscope\" itemtype=\"https:\/\/schema.org\/ImageObject\" ><div class=\"avia-image-container-inner\"><div class=\"avia-image-overlay-wrap\"><img decoding=\"async\" fetchpriority=\"high\" class='wp-image-1298 avia-img-lazy-loading-not-1298 avia_image ' src=\"https:\/\/agoodlifeinparis.com\/wp-content\/uploads\/2020\/01\/Banner_Gilleslorin-5.jpg\" alt='Gilles Lorin, Fotofever Paris 2019' title='Banner_Gilleslorin-5'  height=\"617\" width=\"1015\"  itemprop=\"thumbnailUrl\" srcset=\"https:\/\/agoodlifeinparis.com\/wp-content\/uploads\/2020\/01\/Banner_Gilleslorin-5.jpg 1015w, https:\/\/agoodlifeinparis.com\/wp-content\/uploads\/2020\/01\/Banner_Gilleslorin-5-300x182.jpg 300w, https:\/\/agoodlifeinparis.com\/wp-content\/uploads\/2020\/01\/Banner_Gilleslorin-5-768x467.jpg 768w, https:\/\/agoodlifeinparis.com\/wp-content\/uploads\/2020\/01\/Banner_Gilleslorin-5-705x429.jpg 705w\" sizes=\"(max-width: 1015px) 100vw, 1015px\" \/><\/div><\/div><\/div>\n\n<style type=\"text\/css\" data-created_by=\"avia_inline_auto\" id=\"style-css-av-4aaxuc-116bb49fe3b72ff149d335a1674edb5b\">\n#top .av-special-heading.av-4aaxuc-116bb49fe3b72ff149d335a1674edb5b{\npadding-bottom:10px;\n}\nbody .av-special-heading.av-4aaxuc-116bb49fe3b72ff149d335a1674edb5b .av-special-heading-tag .heading-char{\nfont-size:25px;\n}\n.av-special-heading.av-4aaxuc-116bb49fe3b72ff149d335a1674edb5b .av-subheading{\nfont-size:15px;\n}\n<\/style>\n<div  class='av-special-heading av-4aaxuc-116bb49fe3b72ff149d335a1674edb5b av-special-heading-h3  avia-builder-el-1  el_after_av_image  el_before_av_heading '><h3 class='av-special-heading-tag '  itemprop=\"headline\"  >Le travail, c\u2019est de l\u2019amour rendu visible. <\/h3><div class=\"special-heading-border\"><div class=\"special-heading-inner-border\"><\/div><\/div><\/div>\n\n<style type=\"text\/css\" data-created_by=\"avia_inline_auto\" id=\"style-css-av-351lmc-a6dbb1a43280ce845b83ef6ffff4d145\">\n#top .av-special-heading.av-351lmc-a6dbb1a43280ce845b83ef6ffff4d145{\npadding-bottom:10px;\ncolor:#c84291;\n}\nbody .av-special-heading.av-351lmc-a6dbb1a43280ce845b83ef6ffff4d145 .av-special-heading-tag .heading-char{\nfont-size:25px;\n}\n.av-special-heading.av-351lmc-a6dbb1a43280ce845b83ef6ffff4d145 .special-heading-inner-border{\nborder-color:#c84291;\n}\n.av-special-heading.av-351lmc-a6dbb1a43280ce845b83ef6ffff4d145 .av-subheading{\nfont-size:15px;\n}\n<\/style>\n<div  class='av-special-heading av-351lmc-a6dbb1a43280ce845b83ef6ffff4d145 av-special-heading-h1 custom-color-heading blockquote modern-quote  avia-builder-el-2  el_after_av_heading  el_before_av_textblock '><h1 class='av-special-heading-tag '  itemprop=\"headline\"  >Ch\u00e8res amies et chers amis du monde entier,<\/h1><div class=\"special-heading-border\"><div class=\"special-heading-inner-border\"><\/div><\/div><\/div>\n<section  class='av_textblock_section av-k5hf2hn5-88239d97e316a9b1c8dc332a6ecafd94 '   itemscope=\"itemscope\" itemtype=\"https:\/\/schema.org\/BlogPosting\" itemprop=\"blogPost\" ><div class='avia_textblock av_inherit_color'  itemprop=\"text\" ><p class=\"p1\"><span class=\"s1\"><b>Je trouve cette citation de Khalil Gibran \u00e9blouissante. J&rsquo;essaie de l&rsquo;appliquer \u00e0 ma propre vie, et lorsque je rencontre des personnes qui l&rsquo;incarnent, c&rsquo;est pour moi \u00e0 chaque fois une nouvelle r\u00e9v\u00e9lation. L&rsquo;artiste Gilles Lorin, \u00ab\u00a0photographe, alchimiste et graveur\u00a0\u00bb, est justement de ceux qui l&rsquo;incarnent. Compte-rendu d&rsquo;une rencontre pleine de po\u00e9sie et d&rsquo;\u00e2me \u00e0 la 8e \u00e9dition du salon Fotofever \u00e0 Paris.<\/b><\/span><\/p>\n<\/div><\/section>\n\n<style type=\"text\/css\" data-created_by=\"avia_inline_auto\" id=\"style-css-av-k5hg8tep-defd0ff8c8151e76e4e47862ae51a3a0\">\n#top .hr.hr-invisible.av-k5hg8tep-defd0ff8c8151e76e4e47862ae51a3a0{\nheight:30px;\n}\n<\/style>\n<div  class='hr av-k5hg8tep-defd0ff8c8151e76e4e47862ae51a3a0 hr-invisible  avia-builder-el-4  el_after_av_textblock  el_before_av_textblock '><span class='hr-inner '><span class=\"hr-inner-style\"><\/span><\/span><\/div>\n<section  class='av_textblock_section av-k5hdq4j5-a5f2a9a100e35a648379e6c114ee9b69 '   itemscope=\"itemscope\" itemtype=\"https:\/\/schema.org\/BlogPosting\" itemprop=\"blogPost\" ><div class='avia_textblock'  itemprop=\"text\" ><h3><\/h3>\n<p class=\"p1\"><span class=\"s1\">Le riche agenda culturel de Paris est rythm\u00e9 tout au long de l\u2019ann\u00e9e par des expositions et \u00e9v\u00e9nements majeurs. Par exemple, septembre c\u00e9l\u00e8bre le <strong>Patrimoine <\/strong><\/span>(<a href=\"https:\/\/www.parisinfo.com\/visiter-a-paris\/infos\/guides\/journees-du-patrimoine\" target=\"_blank\" rel=\"noopener\">\u201cJourn\u00e9e du Patrimoine\u201d<\/a>), le <b>Design<\/b> (<a href=\"https:\/\/www.maison-objet.com\/fr\/paris-design-week\" target=\"_blank\" rel=\"noopener\">Paris design week<\/a>) et la <strong>Mode<\/strong> \u00a0(avec notamment la <a href=\"https:\/\/fhcm.paris\/fr\/paris-fashion-week-fr\/\" target=\"_blank\" rel=\"noopener\">Fashion Week<\/a>). <span class=\"s1\">Octobre est notamment le mois de <strong>l\u2019Art Contemporain<\/strong> (avec son point culminant la <\/span><a href=\"https:\/\/www.fiac.com\/fr\/accueil\/\" target=\"_blank\" rel=\"noopener\">FIAC<\/a>).\u00a0<span class=\"s1\">Novembre est le mois de la <strong>photographie<\/strong>.<\/span><\/p>\n<p class=\"p1\"><span class=\"s1\">Je n&rsquo;ai pas une grande culture en histoire de l\u2019art, mais l&rsquo;art m&rsquo;a toujours passionn\u00e9 \u00e0 titre personnel. J\u2019ai pu m&rsquo;y consacrer d&rsquo;un peu plus pr\u00e8s \u00e0 titre professionnel, notamment avec une belle collaboration de deux ans avec la galerie d&rsquo;art contemporain\u00a0<\/span><span class=\"s1\"><a href=\"http:\/\/www.emmanuellerousse.com\/\" target=\"_blank\" rel=\"noopener\">Emmanuelle Rousse<\/a>, <\/span><span class=\"s1\">puis en \u00e9paulant des cr\u00e9atifs au niveau de leur communication. Je ressens toujours un pur bonheur lorsque je rencontre des artistes. Leur engagement sans faille pour leur mode d&rsquo;expression, leur recherche permanente de sens \u00e0 travers leurs cr\u00e9ations, leur connexion \u00e0 leur intuition, sont pour moi des sujets d\u2019\u00e9ternel \u00e9merveillement !<\/span><\/p>\n<p class=\"p1\"><span class=\"s1\">Ma ch\u00e8re amie photographe <\/span><span class=\"s1\"><a href=\"http:\/\/www.corinnerozotte.net\/\" target=\"_blank\" rel=\"noopener\">Corinne Rozotte<\/a>, une <\/span><span class=\"s1\">grande voyageuse qui r\u00e9alise de superbes reportages dans le monde entier, <\/span><span class=\"s1\">m\u2019avait invit\u00e9e l\u2019automne dernier au salon \u00a0<a href=\"http:\/\/www.fotofever.com\/index.php?page_id=3&amp;lang=en\" target=\"_blank\" rel=\"noopener\">Fotofever<\/a> au Caroussel du Louvre \u00e0 Paris. C&rsquo;est un \u00e9v\u00e9nement regroupant une centaine de galeries et plus de 200 artistes \u201c\u00e9mergeants\u201d de 20 pays. C&rsquo;est extr\u00eamement int\u00e9ressant, et je vous recommande vivement d\u2019y aller si vous passez \u00e0 Paris pendant ce salon. <\/span><\/p>\n<p class=\"p1\"><span class=\"s1\"><b>Beaut\u00e9 et \u00e9motion<\/b><\/span><\/p>\n<p class=\"p1\"><span class=\"s1\">Lors d\u2019une passionnante visite guid\u00e9e, nous avons fait un stop sur le stand de<\/span><span class=\"s1\">\u00a0<a href=\"https:\/\/www.gilleslorin.com\/\" target=\"_blank\" rel=\"noopener\">Gilles Lorin <\/a><\/span><span class=\"s1\">et j\u2019ai eu un vrai coup de coeur pour son travail. La photographie \u00ab\u00a0Resilience\u00a0\u00bb a d&rsquo;abord attir\u00e9 mon attention par son intensit\u00e9, par le supplement d&rsquo;\u00e2me qui s\u2019\u00e9chappaient de ce portrait \u00e0 l\u2019intensit\u00e9 quasi hypnotique. C&rsquo;\u00e9tait comme si j\u2019\u00e9tais en pr\u00e9sence de la personne sur la photo. <\/span><\/p>\n<p><img loading=\"lazy\" decoding=\"async\" class=\"aligncenter wp-image-1270 size-full\" src=\"https:\/\/agoodlifeinparis.com\/wp-content\/uploads\/2020\/01\/Resilience_gilleslorin_2012_.jpeg\" alt=\"Resilience, Gilles Lorin, 2012\" width=\"750\" height=\"750\" srcset=\"https:\/\/agoodlifeinparis.com\/wp-content\/uploads\/2020\/01\/Resilience_gilleslorin_2012_.jpeg 750w, https:\/\/agoodlifeinparis.com\/wp-content\/uploads\/2020\/01\/Resilience_gilleslorin_2012_-300x300.jpeg 300w, https:\/\/agoodlifeinparis.com\/wp-content\/uploads\/2020\/01\/Resilience_gilleslorin_2012_-80x80.jpeg 80w, https:\/\/agoodlifeinparis.com\/wp-content\/uploads\/2020\/01\/Resilience_gilleslorin_2012_-36x36.jpeg 36w, https:\/\/agoodlifeinparis.com\/wp-content\/uploads\/2020\/01\/Resilience_gilleslorin_2012_-180x180.jpeg 180w, https:\/\/agoodlifeinparis.com\/wp-content\/uploads\/2020\/01\/Resilience_gilleslorin_2012_-705x705.jpeg 705w\" sizes=\"auto, (max-width: 750px) 100vw, 750px\" \/><\/p>\n<p style=\"text-align: center;\"><em>Resilience, Gilles Lorin, 2012<\/em><\/p>\n<p class=\"p1\"><span class=\"s1\">Je me suis dis que l&rsquo;auteur de ces photos avait un talent fou, \u00e0 l&rsquo;instar de la photographes Sally Mann que j&rsquo;admire beaucoup (l\u2019ann\u00e9e derni\u00e8re a vu une belle <a href=\"http:\/\/www.jeudepaume.org\/?page=article&amp;idArt=3285\" target=\"_blank\" rel=\"noopener\">r\u00e9trospective de son travail<\/a> au Jeu de Paume \u00e0 Paris.)<\/span><\/p>\n<p class=\"p1\"><span class=\"s1\">Les photos de paysages de Gilles Lorin sont \u00e9galement sublimes, impr\u00e9gn\u00e9es de s\u00e9r\u00e9nit\u00e9 et de myst\u00e8re. Elles soulignent l&rsquo;immensit\u00e9 et le caract\u00e8re sacr\u00e9 de la nature, et sugg\u00e8rent par l\u00e0-m\u00eame la relative insignifiance de l\u2019\u00eatre humain face \u00e0 une telle puissance. J&rsquo;ai ressenti l&rsquo;inspiration directe de l&rsquo;iconographie traditionnelle chinoise ou japonaise (o\u00f9 les individus sont des d\u00e9tails minuscules perdus dans des paysages immenses), et de la spiritualit\u00e9 d\u2019Extr\u00eame-Orient telle que le Tao\u00efsme ou le Shinto\u00efsme.<\/span><\/p>\n<p><img loading=\"lazy\" decoding=\"async\" class=\"aligncenter wp-image-1273 size-full\" src=\"https:\/\/agoodlifeinparis.com\/wp-content\/uploads\/2020\/01\/BALANCESELF-PORTRAIT-Gilleslorin-2018.jpg\" alt=\"Balance, Gilles Lorin, 2018\" width=\"1000\" height=\"1000\" srcset=\"https:\/\/agoodlifeinparis.com\/wp-content\/uploads\/2020\/01\/BALANCESELF-PORTRAIT-Gilleslorin-2018.jpg 1000w, https:\/\/agoodlifeinparis.com\/wp-content\/uploads\/2020\/01\/BALANCESELF-PORTRAIT-Gilleslorin-2018-300x300.jpg 300w, https:\/\/agoodlifeinparis.com\/wp-content\/uploads\/2020\/01\/BALANCESELF-PORTRAIT-Gilleslorin-2018-80x80.jpg 80w, https:\/\/agoodlifeinparis.com\/wp-content\/uploads\/2020\/01\/BALANCESELF-PORTRAIT-Gilleslorin-2018-768x768.jpg 768w, https:\/\/agoodlifeinparis.com\/wp-content\/uploads\/2020\/01\/BALANCESELF-PORTRAIT-Gilleslorin-2018-36x36.jpg 36w, https:\/\/agoodlifeinparis.com\/wp-content\/uploads\/2020\/01\/BALANCESELF-PORTRAIT-Gilleslorin-2018-180x180.jpg 180w, https:\/\/agoodlifeinparis.com\/wp-content\/uploads\/2020\/01\/BALANCESELF-PORTRAIT-Gilleslorin-2018-705x705.jpg 705w\" sizes=\"auto, (max-width: 1000px) 100vw, 1000px\" \/><\/p>\n<p style=\"text-align: center;\"><em>Balance, Gilles Lorin, 2018<\/em><\/p>\n<p class=\"p1\"><span class=\"s1\">Les explications de notre conf\u00e9renci\u00e8re et de l&rsquo;artiste ont mis en avant un autre aspect passionnant de sa d\u00e9marche. Au-del\u00e0 de son talent \u00e9vident de photographe, Gilles Lorin se passionne depuis de nombreuses ann\u00e9es pour toutes les \u00e9tapes de la cha\u00eene graphique (prise de vue, d\u00e9veloppement, tirage et impression). Il va notamment chercher du sens et de la profondeur au travers de proc\u00e9d\u00e9s photographiques anciens. Apr\u00e8s des ann\u00e9es de recherche et de pratique, il a acquis une ma\u00eetrise incroyable des tirages platine et palladium (projet<\/span><span class=\"s1\">\u00a0<a href=\"http:\/\/gilleslorin.com\/memento-mori-classical-studies-2\" target=\"_blank\" rel=\"noopener\">\u00ab\u00a0Memento Mori\u00a0\u00bb<\/a>\u00a0<\/span><span class=\"s1\">par ex), et des cyanotypes, r\u00e9v\u00e9lant toute une gamme de nuances de bleus de Prusse (<a href=\"https:\/\/www.gilleslorin.com\/dao-1\" target=\"_blank\" rel=\"noopener\">projet \u00ab\u00a0Dao\u00a0\u00bb<\/a> par ex).\u00a0<\/span><\/p>\n<p><img loading=\"lazy\" decoding=\"async\" class=\"aligncenter wp-image-1277 size-full\" src=\"https:\/\/agoodlifeinparis.com\/wp-content\/uploads\/2020\/01\/GillesLorin_Arches-13_Portrait-darbre-2018.jpg\" alt=\"Portrait d'Arbre, Prussian blue study no. 1, 2018\" width=\"1000\" height=\"1000\" srcset=\"https:\/\/agoodlifeinparis.com\/wp-content\/uploads\/2020\/01\/GillesLorin_Arches-13_Portrait-darbre-2018.jpg 1000w, https:\/\/agoodlifeinparis.com\/wp-content\/uploads\/2020\/01\/GillesLorin_Arches-13_Portrait-darbre-2018-300x300.jpg 300w, https:\/\/agoodlifeinparis.com\/wp-content\/uploads\/2020\/01\/GillesLorin_Arches-13_Portrait-darbre-2018-80x80.jpg 80w, https:\/\/agoodlifeinparis.com\/wp-content\/uploads\/2020\/01\/GillesLorin_Arches-13_Portrait-darbre-2018-768x768.jpg 768w, https:\/\/agoodlifeinparis.com\/wp-content\/uploads\/2020\/01\/GillesLorin_Arches-13_Portrait-darbre-2018-36x36.jpg 36w, https:\/\/agoodlifeinparis.com\/wp-content\/uploads\/2020\/01\/GillesLorin_Arches-13_Portrait-darbre-2018-180x180.jpg 180w, https:\/\/agoodlifeinparis.com\/wp-content\/uploads\/2020\/01\/GillesLorin_Arches-13_Portrait-darbre-2018-705x705.jpg 705w\" sizes=\"auto, (max-width: 1000px) 100vw, 1000px\" \/><\/p>\n<p style=\"text-align: center;\"><em>Portrait d&rsquo;Arbre, Prussian blue study no. 1, Gilles Lorin, 2018<\/em><\/p>\n<p><span class=\"s1\"><b>Slow is beautiful<\/b><\/span><\/p>\n<p class=\"p1\"><span class=\"s1\">\u00c0 l&rsquo;\u00e8re du digital et du tout instantan\u00e9, o\u00f9 chacun peut r\u00e9aliser de belles photos d&rsquo;un simple clic sur son smartphone, certains professionnels vont \u00e0 contre-courant en \u00e9tudiant les techniques d&rsquo;antan qui demandaient une grande maitrise des proc\u00e9d\u00e9s chimiques et du mat\u00e9riel, et beaucoup de pratique &#8211; donc de temps ! Gilles Lorin impr\u00e8gne son travail de temps, tout en rendant son travail intemporel. <\/span><\/p>\n<p class=\"p1\"><span class=\"s1\">Ralentir pour se donner le temps d\u2019\u00eatre \u00e0 l&rsquo;\u00e9couter de son intuition. Se donner le temps de progresser par une pratique quotidienne, par une r\u00e9p\u00e9tition infinie de gestes, pour tendre vers l&rsquo;excellence. (Petite parenth\u00e8se pour faire un lien avec la culture japonaise que j\u2019aime tellement : le pays reconnait certaines personnes ou groupes de personnes, pass\u00e9s ma\u00eetres dans leur art, comme \u201c<a href=\"https:\/\/fr.wikipedia.org\/wiki\/Tr%C3%A9sor_national_vivant_du_Japon\" target=\"_blank\" rel=\"noopener\">Tr\u00e9sors Nationaux Vivants<\/a>\u201d, en leur conf\u00e9rant de leur vivant le merveilleux r\u00f4le de gardiens de biens culturels intangibles. Cette approche n\u2019est-elle pas juste merveilleuse ?)<\/span><\/p>\n<p class=\"p1\"><strong>De l\u2019esth\u00e9tique, de l\u2019histoire et du sacr\u00e9<\/strong><\/p>\n<p class=\"p1\"><span class=\"s1\">J\u2019ai discut\u00e9 avec Gilles Lorin, qui s\u2019est montr\u00e9 accueillant, disponible et souriant, attentif aux questions et r\u00e9pondant en prenant son temps, avec sinc\u00e9rit\u00e9 et authenticit\u00e9, malgr\u00e9 la foule sur le stand. <\/span><\/p>\n<p class=\"p1\"><span class=\"s1\">Il m&rsquo;a expliqu\u00e9 l&rsquo;importance pour lui de la qualit\u00e9 et de l&rsquo;histoire des supports et mat\u00e9riaux. Par exemple, il tire ses photos sur des papiers artisanaux ancestraux (comme le <strong>papier Gampi,<\/strong> un des papiers Washi japonais les plus prestigieux et on\u00e9reux). Ou encore en rehaussant certains tirages d\u2019apposition de feuilles d&rsquo;or (par ex sa magnifique <a href=\"https:\/\/www.gilleslorin.com\/divin-2\" target=\"_blank\" rel=\"noopener\">s\u00e9rie \u201cDivin\u201d<\/a>).<span class=\"Apple-converted-space\">\u00a0 <\/span>Cette technique fait \u00e9cho aux paravents japonais de l\u2019\u00e9poque Kano, ou \u00e0 l&rsquo;utilisation de l&rsquo;or pour repr\u00e9senter le sacr\u00e9 dans de nombreuses civilisations anciennes (cela m\u2019a rappel\u00e9 mon merveilleux voyage dans la Vall\u00e9e Sacr\u00e9e au P\u00e9rou, \u00e0 la d\u00e9couverte de la civilisation Inca et de ses temples du Soleil qui \u00e9taient \u00e0 cette \u00e9poque recouverts d\u2019or). <\/span><\/p>\n<p><img loading=\"lazy\" decoding=\"async\" class=\"aligncenter wp-image-1280 size-full\" src=\"https:\/\/agoodlifeinparis.com\/wp-content\/uploads\/2020\/01\/HeavensCeiling_gileslorin_2008.jpg\" alt=\"Le plafond du ciel, 2008, Gilles Lorin\" width=\"1000\" height=\"1000\" srcset=\"https:\/\/agoodlifeinparis.com\/wp-content\/uploads\/2020\/01\/HeavensCeiling_gileslorin_2008.jpg 1000w, https:\/\/agoodlifeinparis.com\/wp-content\/uploads\/2020\/01\/HeavensCeiling_gileslorin_2008-300x300.jpg 300w, https:\/\/agoodlifeinparis.com\/wp-content\/uploads\/2020\/01\/HeavensCeiling_gileslorin_2008-80x80.jpg 80w, https:\/\/agoodlifeinparis.com\/wp-content\/uploads\/2020\/01\/HeavensCeiling_gileslorin_2008-768x768.jpg 768w, https:\/\/agoodlifeinparis.com\/wp-content\/uploads\/2020\/01\/HeavensCeiling_gileslorin_2008-36x36.jpg 36w, https:\/\/agoodlifeinparis.com\/wp-content\/uploads\/2020\/01\/HeavensCeiling_gileslorin_2008-180x180.jpg 180w, https:\/\/agoodlifeinparis.com\/wp-content\/uploads\/2020\/01\/HeavensCeiling_gileslorin_2008-705x705.jpg 705w\" sizes=\"auto, (max-width: 1000px) 100vw, 1000px\" \/><\/p>\n<p style=\"text-align: center;\"><em>Le plafond du ciel, 2008, Gilles Lorin<\/em><\/p>\n<p class=\"p1\"><span class=\"s1\">Pour expliquer son oeuvre \u00ab\u00a0Le plafond du ciel\u00a0\u00bb, Gilles Lorin n&rsquo;a pas h\u00e9sit\u00e9 \u00e0 d\u00e9crocher la photo de la paroi, et \u00e0 la faire tourner sous les \u00e9clairages pour que la lumi\u00e8re se refl\u00e8te et r\u00e9v\u00e8le certains d\u00e9tails de la photographie et la profondeur des motifs. En observant ses gestes, je n&rsquo;ai pu m\u2019emp\u00eacher de penser aux dorures sur les laques japonaises, qui refl\u00e9taient autrefois la lueur des bougies dans la douce p\u00e9nombre des maisons traditionnelles &#8211; une esth\u00e9tique si magnifiquement cont\u00e9e par Junichiro Tanizaki dans son <a href=\"https:\/\/fr.wikipedia.org\/wiki\/%C3%89loge_de_l%27ombre_(Tanizaki)\" target=\"_blank\" rel=\"noopener\">\u00ab\u00a0Eloge de l&rsquo;ombre\u00a0\u00bb<\/a>.<\/span><\/p>\n<p class=\"p1\"><span class=\"s1\"><b>R\u00e9silience et transformation<\/b><\/span><\/p>\n<p class=\"p1\"><span class=\"s1\">Gilles Lorin a aussi \u00e9voqu\u00e9 ses accidents de parcours (notamment un grave accident et une longue maladie), qui l&rsquo;ont forc\u00e9 \u00e0 s&rsquo;interroger sur la fragilit\u00e9 de la vie et \u00e0 aller chercher en lui plus de sens pour son existence. <\/span><\/p>\n<p class=\"p1\"><span class=\"s1\">Ces exp\u00e9riences douloureuses l\u2019ont pouss\u00e9 \u00e0 se consacrer \u00e0 sa passion, la photographie. Il capture aujourd&rsquo;hui l&rsquo;essence de ses sujets, le divin dans le monde qui nous entoure, et l&rsquo;impermanence de toute chose. Pour moi, il est ind\u00e9niable que la source de son travail, c&rsquo;est l&rsquo;amour. C&rsquo;est pourquoi il incarne si bien, \u00e0 mes yeux, cette si belle citation du po\u00e8te et philosophe Libanais Khalil Gibran, \u00ab\u00a0Le travail, c&rsquo;est de l&rsquo;amour rendu visible.\u00a0\u00bb<\/span><\/p>\n<p class=\"p1\"><span class=\"s1\">Pour finir, j&rsquo;ai \u00e9galement aim\u00e9 la belle relation que l&rsquo;on sent entre le galeriste, J\u00f6rg Maass, et son artiste. Leur complicit\u00e9 et admiration mutuelle sont \u00e9videntes. Beaucoup de g\u00e9n\u00e9rosit\u00e9 et de gentillesse chez l&rsquo;un comme chez l&rsquo;autre. Jorg Mass m&rsquo;a accueilli sur son stand avec humour, en m\u2019offrant un magnifique catalogue de Gilles Lorin, juste parce qu\u2019il trouvait mon sac \u00e0 main \u00ab\u00a0tr\u00e8s original et joli\u00a0\u00bb, m&rsquo;a-t-il dit ! \ud83d\ude42 Puis Gilles Morin m&rsquo;a transport\u00e9 dans son univers. Je les remercie tous deux pour ce beau voyage.<\/span><\/p>\n<p class=\"p1\"><span class=\"s1\">Si vous passez \u00e0 Berlin, allez \u00e0 la rencontre du galeriste Jorg Mass<span class=\"Apple-converted-space\">\u00a0 <\/span>et du travail de Gilles Morin !<\/span><\/p>\n<p class=\"p1\"><span class=\"s1\">Kunsthandel J\u00f6rg Maa\u00df<br \/>\n<\/span><span class=\"s1\">Rankestra\u00dfe 24, 1er \u00e9tage<br \/>\n<\/span><span class=\"s1\">10789 Berlin<br \/>\n<\/span><span class=\"s1\">T +49 (0)30 211 54 61<br \/>\n<\/span><span class=\"s1\">kontakt@kunsthandel-maass.de<br \/>\n<\/span><a href=\"http:\/\/www.kunsthandel-maass.de\" target=\"_blank\" rel=\"noopener\"><span class=\"s1\">www.kunsthandel-maass.de<\/span><\/a><\/p>\n<p style=\"color: white;\">.<\/p>\n<p class=\"p1\"><span class=\"s1\">L&rsquo;histoire personnelle de Gilles Lorin, ses influences artistiques en Asie, ses racines spirituelles profondes, sa recherche de l&rsquo;excellence et de la pr\u00e9servation des techniques artisanales admirables, sa po\u00e9sie, sa connexion \u00e0 la nature, tout dans son approche r\u00e9sonne avec mon parcours ou ma sensibilit\u00e9. Son travail me touche. Je crois que c&rsquo;est exactement cela, la gr\u00e2ce qui \u00e9mane d&rsquo;une belle rencontre, avec une personne ou avec son oeuvre.<\/span><\/p>\n<p class=\"p1\"><em><strong>Et vous, ch\u00e8res lectrices et chers lecteurs, avez-vous fait r\u00e9cemment de belles d\u00e9couvertes artistiques ? Partagez vos coup de coeur dans les commentaires ci-dessous, et comment ils ont r\u00e9sonn\u00e9 avec votre propre vie. Je serai ravie de vous lire !<\/strong><\/em><\/p>\n<p><span class=\"s1\">Si vous avez envie de plonger dans la riche offre culturelle de Paris, et de vous immerger dans la beaut\u00e9 et la singularit\u00e9 de cette ville, <a href=\"https:\/\/agoodlifeinparis.com\/fr\/contact\/\">contactez-moi<\/a> ! Je serai heureuse de pouvoir vous aider gr\u00e2ce \u00e0 mes diff\u00e9rents programmes.<\/span><\/p>\n<p class=\"p1\"><span class=\"s1\">Amicalement,<br \/>\n<\/span><span class=\"s1\">Lydie<\/span><\/p>\n<p style=\"color: white;\">.<\/p>\n<p class=\"p1\"><span class=\"s1\">PS: un autre point que j&rsquo;aimerais souligner dans cet article est de vous encourager \u00e0 prendre conscience de l\u2019amour que vous partagez avec le monde \u00e0 travers votre travail. Si cette consid\u00e9ration vous met mal \u00e0 l&rsquo;aise, il est peut-\u00eatre temps pour vous de changer la perception que vous avez de votre job (et vous n&rsquo;avez pas besoin d&rsquo;\u00eatre p\u00e9diatre ou chef cuisinier ou masseur pour embellir la vie des gens ! N&rsquo;IMPORTE quel travail est une plateforme pour propager de la bienveillance et de la joie &#8211; ce matin, une jeune femme est venue relever mon compteur d\u2019\u00e9lectricit\u00e9 : elle \u00e9tait si gentille, joyeuse et p\u00e9tillante qu&rsquo;en 30 secondes, elle m\u2019a mise en joie pour le reste de la journ\u00e9e !)<span class=\"Apple-converted-space\">\u00a0 <\/span>Vous pourriez m\u00eame ressentir le besoin de reconsid\u00e9rer vos choix professionnels. Dans les deux cas, je peux vous soutenir par quelques sessions de coaching de vie holistique. N&rsquo;h\u00e9sitez pas \u00e0 <a href=\"https:\/\/agoodlifeinparis.com\/fr\/contact\/\"><strong>me contacter<\/strong><\/a> pour en savoir plus, je propose une s\u00e9ance d\u00e9couverte gratuite de 30 minutes, et je travaille \u00e9galement par t\u00e9l\u00e9phone ou par visioconf\u00e9rence, la distance ne pose donc aucun probl\u00e8me\u00a0 \ud83d\ude42<\/span><\/p>\n<\/div><\/section>\n\n<style type=\"text\/css\" data-created_by=\"avia_inline_auto\" id=\"style-css-av-k5hma1ej-0930b23932bf60ea9cfb0992c779c993\">\n#top .hr.av-k5hma1ej-0930b23932bf60ea9cfb0992c779c993{\nmargin-top:30px;\nmargin-bottom:30px;\n}\n.hr.av-k5hma1ej-0930b23932bf60ea9cfb0992c779c993 .hr-inner{\nwidth:300px;\nborder-color:#d65799;\nmax-width:45%;\n}\n.hr.av-k5hma1ej-0930b23932bf60ea9cfb0992c779c993 .av-seperator-icon{\ncolor:#d65799;\n}\n.hr.av-k5hma1ej-0930b23932bf60ea9cfb0992c779c993 .av-seperator-icon.avia-svg-icon svg:first-child{\nfill:#d65799;\nstroke:#d65799;\n}\n<\/style>\n<div  class='hr av-k5hma1ej-0930b23932bf60ea9cfb0992c779c993 hr-custom  avia-builder-el-6  el_after_av_textblock  el_before_av_social_share  hr-center hr-icon-yes'><span class='hr-inner inner-border-av-border-thin'><span class=\"hr-inner-style\"><\/span><\/span><span class='av-seperator-icon avia-iconfont avia-font-entypo-fontello' data-av_icon='\ue806' data-av_iconfont='entypo-fontello' ><\/span><span class='hr-inner inner-border-av-border-thin'><span class=\"hr-inner-style\"><\/span><\/span><\/div>\n<div  class='av-social-sharing-box av-k5hmeclh-20ec501c5798f676426d1a09b43a2095 av-social-sharing-box-minimal  avia-builder-el-7  el_after_av_hr  el_before_av_comments_list  av-social-sharing-box-fullwidth'><div class=\"av-share-box\"><h5 class='av-share-link-description av-no-toc '>Partagez cet article et propagez la joie !<\/h5><ul class=\"av-share-box-list noLightbox\"><li class='av-share-link av-social-link-facebook avia_social_iconfont' ><a target=\"_blank\" aria-label=\"Partager sur Facebook\" href='https:\/\/www.facebook.com\/sharer.php?u=https:\/\/agoodlifeinparis.com\/fr\/le-travail-cest-de-lamour-rendu-visible\/&#038;t=Le%20travail%2C%20c%E2%80%99est%20de%20l%E2%80%99amour%20rendu%20visible.' data-av_icon='\ue8f3' data-av_iconfont='entypo-fontello'  title='' data-avia-related-tooltip='Partager sur Facebook'><span class='avia_hidden_link_text'>Partager sur Facebook<\/span><\/a><\/li><li class='av-share-link av-social-link-twitter avia_social_iconfont' ><a target=\"_blank\" aria-label=\"Partager sur X\" href='https:\/\/twitter.com\/share?text=Le%20travail%2C%20c%E2%80%99est%20de%20l%E2%80%99amour%20rendu%20visible.&#038;url=https:\/\/agoodlifeinparis.com\/fr\/?p=1311' data-av_icon='\ue932' data-av_iconfont='entypo-fontello'  title='' data-avia-related-tooltip='Partager sur X'><span class='avia_hidden_link_text'>Partager sur X<\/span><\/a><\/li><li class='av-share-link av-social-link-whatsapp avia_social_iconfont' ><a target=\"_blank\" aria-label=\"Partager sur WhatsApp\" href='https:\/\/api.whatsapp.com\/send?text=https:\/\/agoodlifeinparis.com\/fr\/le-travail-cest-de-lamour-rendu-visible\/' data-av_icon='\uf232' data-av_iconfont='entypo-fontello'  title='' data-avia-related-tooltip='Partager sur WhatsApp'><span class='avia_hidden_link_text'>Partager sur WhatsApp<\/span><\/a><\/li><li class='av-share-link av-social-link-pinterest avia_social_iconfont' ><a target=\"_blank\" aria-label=\"Partager sur Pinterest\" href='https:\/\/pinterest.com\/pin\/create\/button\/?url=https%3A%2F%2Fagoodlifeinparis.com%2Ffr%2Fle-travail-cest-de-lamour-rendu-visible%2F&#038;description=Le%20travail%2C%20c%E2%80%99est%20de%20l%E2%80%99amour%20rendu%20visible.&#038;media=https%3A%2F%2Fagoodlifeinparis.com%2Fwp-content%2Fuploads%2F2020%2F01%2FBanner_Gilleslorin-4-705x403.jpg' data-av_icon='\ue8f8' data-av_iconfont='entypo-fontello'  title='' data-avia-related-tooltip='Partager sur Pinterest'><span class='avia_hidden_link_text'>Partager sur Pinterest<\/span><\/a><\/li><li class='av-share-link av-social-link-linkedin avia_social_iconfont' ><a target=\"_blank\" aria-label=\"Partager sur LinkedIn\" href='https:\/\/linkedin.com\/shareArticle?mini=true&#038;title=Le%20travail%2C%20c%E2%80%99est%20de%20l%E2%80%99amour%20rendu%20visible.&#038;url=https:\/\/agoodlifeinparis.com\/fr\/le-travail-cest-de-lamour-rendu-visible\/' data-av_icon='\ue8fc' data-av_iconfont='entypo-fontello'  title='' data-avia-related-tooltip='Partager sur LinkedIn'><span class='avia_hidden_link_text'>Partager sur LinkedIn<\/span><\/a><\/li><li class='av-share-link av-social-link-tumblr avia_social_iconfont' ><a target=\"_blank\" aria-label=\"Partager sur Tumblr\" href='https:\/\/www.tumblr.com\/share\/link?url=https%3A%2F%2Fagoodlifeinparis.com%2Ffr%2Fle-travail-cest-de-lamour-rendu-visible%2F&#038;name=Le%20travail%2C%20c%E2%80%99est%20de%20l%E2%80%99amour%20rendu%20visible.&#038;description=Je%20trouve%20cette%20citation%20de%20Khalil%20Gibran%20%C3%A9blouissante.%20J%27essaie%20de%20l%27appliquer%20%C3%A0%20ma%20propre%20vie%2C%20et%20lorsque%20je%20rencontre%20des%20personnes%20qui%20l%27incarnent%2C%20c%27est%20pour%20moi%20%C3%A0%20chaque%20fois%20une%20nouvelle%20r%C3%A9v%C3%A9lation.%20Compte-rendu%20d%27une%20rencontre%20pleine%20de%20po%C3%A9sie%20avec%20l%27artiste%20Gilles%20Lorin.' data-av_icon='\ue8fa' data-av_iconfont='entypo-fontello'  title='' data-avia-related-tooltip='Partager sur Tumblr'><span class='avia_hidden_link_text'>Partager sur Tumblr<\/span><\/a><\/li><li class='av-share-link av-social-link-vk avia_social_iconfont' ><a target=\"_blank\" aria-label=\"Partager sur Vk\" href='https:\/\/vk.com\/share.php?url=https:\/\/agoodlifeinparis.com\/fr\/le-travail-cest-de-lamour-rendu-visible\/' data-av_icon='\ue926' data-av_iconfont='entypo-fontello'  title='' data-avia-related-tooltip='Partager sur Vk'><span class='avia_hidden_link_text'>Partager sur Vk<\/span><\/a><\/li><li class='av-share-link av-social-link-reddit avia_social_iconfont' ><a target=\"_blank\" aria-label=\"Partager sur Reddit\" href='https:\/\/reddit.com\/submit?url=https:\/\/agoodlifeinparis.com\/fr\/le-travail-cest-de-lamour-rendu-visible\/&#038;title=Le%20travail%2C%20c%E2%80%99est%20de%20l%E2%80%99amour%20rendu%20visible.' data-av_icon='\ue927' data-av_iconfont='entypo-fontello'  title='' data-avia-related-tooltip='Partager sur Reddit'><span class='avia_hidden_link_text'>Partager sur Reddit<\/span><\/a><\/li><li class='av-share-link av-social-link-mail avia_social_iconfont' ><a  aria-label=\"Partager par Mail\" href='mailto:?subject=Le%20travail%2C%20c%E2%80%99est%20de%20l%E2%80%99amour%20rendu%20visible.&#038;body=https:\/\/agoodlifeinparis.com\/fr\/le-travail-cest-de-lamour-rendu-visible\/' data-av_icon='\ue805' data-av_iconfont='entypo-fontello'  title='' data-avia-related-tooltip='Partager par Mail'><span class='avia_hidden_link_text'>Partager par Mail<\/span><\/a><\/li><\/ul><\/div><\/div>\n<div  class='av-buildercomment av-k5hmflv6-30991f7f2b9aca322010061ca25f4932'><\/div>\n","protected":false},"excerpt":{"rendered":"<p>Je trouve cette citation de Khalil Gibran \u00e9blouissante. J&rsquo;essaie de l&rsquo;appliquer \u00e0 ma propre vie, et lorsque je rencontre des personnes qui l&rsquo;incarnent, c&rsquo;est pour moi \u00e0 chaque fois une nouvelle r\u00e9v\u00e9lation. Compte-rendu d&rsquo;une rencontre pleine de po\u00e9sie avec l&rsquo;artiste Gilles Lorin.<\/p>\n","protected":false},"author":1,"featured_media":1294,"comment_status":"closed","ping_status":"closed","sticky":false,"template":"","format":"standard","meta":{"footnotes":""},"categories":[77,56,78],"tags":[79,81,82,80],"class_list":["post-1311","post","type-post","status-publish","format-standard","has-post-thumbnail","hentry","category-culture-fr","category-inspirations-parisiennes","category-photographie","tag-culture-fr-2","tag-fotofever-paris-fr","tag-paris-fr","tag-photographie"],"yoast_head":"<!-- This site is optimized with the Yoast SEO plugin v26.5 - https:\/\/yoast.com\/wordpress\/plugins\/seo\/ -->\n<title>Le travail, c&#039;est de l&#039;amour rendu visible. - A Good Life in Paris<\/title>\n<meta name=\"description\" content=\"Je trouve cette citation de Khalil Gibran \u00e9blouissante. J&#039;essaie de l&#039;appliquer \u00e0 ma propre vie, et lorsque je rencontre des personnes qui l&#039;incarnent, c&#039;est pour moi \u00e0 chaque fois une nouvelle r\u00e9v\u00e9lation. Compte-rendu d&#039;une rencontre pleine de po\u00e9sie avec l&#039;artiste Gilles Lorin.\" \/>\n<meta name=\"robots\" content=\"index, follow, max-snippet:-1, max-image-preview:large, max-video-preview:-1\" \/>\n<link rel=\"canonical\" href=\"https:\/\/agoodlifeinparis.com\/fr\/le-travail-cest-de-lamour-rendu-visible\/\" \/>\n<meta property=\"og:locale\" content=\"fr_FR\" \/>\n<meta property=\"og:type\" content=\"article\" \/>\n<meta property=\"og:title\" content=\"Le travail, c&#039;est de l&#039;amour rendu visible. - A Good Life in Paris\" \/>\n<meta property=\"og:description\" content=\"Je trouve cette citation de Khalil Gibran \u00e9blouissante. J&#039;essaie de l&#039;appliquer \u00e0 ma propre vie, et lorsque je rencontre des personnes qui l&#039;incarnent, c&#039;est pour moi \u00e0 chaque fois une nouvelle r\u00e9v\u00e9lation. Compte-rendu d&#039;une rencontre pleine de po\u00e9sie avec l&#039;artiste Gilles Lorin.\" \/>\n<meta property=\"og:url\" content=\"https:\/\/agoodlifeinparis.com\/fr\/le-travail-cest-de-lamour-rendu-visible\/\" \/>\n<meta property=\"og:site_name\" content=\"A Good Life in Paris\" \/>\n<meta property=\"article:published_time\" content=\"2021-01-17T00:28:34+00:00\" \/>\n<meta property=\"article:modified_time\" content=\"2021-12-17T16:31:20+00:00\" \/>\n<meta property=\"og:image\" content=\"https:\/\/agoodlifeinparis.com\/wp-content\/uploads\/2020\/01\/Banner_Gilleslorin-4.jpg\" \/>\n\t<meta property=\"og:image:width\" content=\"1080\" \/>\n\t<meta property=\"og:image:height\" content=\"617\" \/>\n\t<meta property=\"og:image:type\" content=\"image\/jpeg\" \/>\n<meta name=\"author\" content=\"Lydie\" \/>\n<meta name=\"twitter:card\" content=\"summary_large_image\" \/>\n<meta name=\"twitter:label1\" content=\"\u00c9crit par\" \/>\n\t<meta name=\"twitter:data1\" content=\"Lydie\" \/>\n\t<meta name=\"twitter:label2\" content=\"Dur\u00e9e de lecture estim\u00e9e\" \/>\n\t<meta name=\"twitter:data2\" content=\"11 minutes\" \/>\n<script type=\"application\/ld+json\" class=\"yoast-schema-graph\">{\"@context\":\"https:\/\/schema.org\",\"@graph\":[{\"@type\":\"WebPage\",\"@id\":\"https:\/\/agoodlifeinparis.com\/fr\/le-travail-cest-de-lamour-rendu-visible\/\",\"url\":\"https:\/\/agoodlifeinparis.com\/fr\/le-travail-cest-de-lamour-rendu-visible\/\",\"name\":\"Le travail, c'est de l'amour rendu visible. - A Good Life in Paris\",\"isPartOf\":{\"@id\":\"https:\/\/agoodlifeinparis.com\/fr\/#website\"},\"primaryImageOfPage\":{\"@id\":\"https:\/\/agoodlifeinparis.com\/fr\/le-travail-cest-de-lamour-rendu-visible\/#primaryimage\"},\"image\":{\"@id\":\"https:\/\/agoodlifeinparis.com\/fr\/le-travail-cest-de-lamour-rendu-visible\/#primaryimage\"},\"thumbnailUrl\":\"https:\/\/agoodlifeinparis.com\/wp-content\/uploads\/2020\/01\/Banner_Gilleslorin-4.jpg\",\"datePublished\":\"2021-01-17T00:28:34+00:00\",\"dateModified\":\"2021-12-17T16:31:20+00:00\",\"author\":{\"@id\":\"https:\/\/agoodlifeinparis.com\/fr\/#\/schema\/person\/8ba30ef8d1b6768f61b4c71e8fec0567\"},\"description\":\"Je trouve cette citation de Khalil Gibran \u00e9blouissante. J'essaie de l'appliquer \u00e0 ma propre vie, et lorsque je rencontre des personnes qui l'incarnent, c'est pour moi \u00e0 chaque fois une nouvelle r\u00e9v\u00e9lation. Compte-rendu d'une rencontre pleine de po\u00e9sie avec l'artiste Gilles Lorin.\",\"breadcrumb\":{\"@id\":\"https:\/\/agoodlifeinparis.com\/fr\/le-travail-cest-de-lamour-rendu-visible\/#breadcrumb\"},\"inLanguage\":\"fr-FR\",\"potentialAction\":[{\"@type\":\"ReadAction\",\"target\":[\"https:\/\/agoodlifeinparis.com\/fr\/le-travail-cest-de-lamour-rendu-visible\/\"]}]},{\"@type\":\"ImageObject\",\"inLanguage\":\"fr-FR\",\"@id\":\"https:\/\/agoodlifeinparis.com\/fr\/le-travail-cest-de-lamour-rendu-visible\/#primaryimage\",\"url\":\"https:\/\/agoodlifeinparis.com\/wp-content\/uploads\/2020\/01\/Banner_Gilleslorin-4.jpg\",\"contentUrl\":\"https:\/\/agoodlifeinparis.com\/wp-content\/uploads\/2020\/01\/Banner_Gilleslorin-4.jpg\",\"width\":1080,\"height\":617,\"caption\":\"Gilles Lorin, Fotofever Paris 2019\"},{\"@type\":\"BreadcrumbList\",\"@id\":\"https:\/\/agoodlifeinparis.com\/fr\/le-travail-cest-de-lamour-rendu-visible\/#breadcrumb\",\"itemListElement\":[{\"@type\":\"ListItem\",\"position\":1,\"name\":\"Home\",\"item\":\"https:\/\/agoodlifeinparis.com\/fr\/\"},{\"@type\":\"ListItem\",\"position\":2,\"name\":\"Le travail, c&#8217;est de l&#8217;amour rendu visible.\"}]},{\"@type\":\"WebSite\",\"@id\":\"https:\/\/agoodlifeinparis.com\/fr\/#website\",\"url\":\"https:\/\/agoodlifeinparis.com\/fr\/\",\"name\":\"A Good Life in Paris\",\"description\":\"Find yourself on your journey to Paris!\",\"potentialAction\":[{\"@type\":\"SearchAction\",\"target\":{\"@type\":\"EntryPoint\",\"urlTemplate\":\"https:\/\/agoodlifeinparis.com\/fr\/?s={search_term_string}\"},\"query-input\":{\"@type\":\"PropertyValueSpecification\",\"valueRequired\":true,\"valueName\":\"search_term_string\"}}],\"inLanguage\":\"fr-FR\"},{\"@type\":\"Person\",\"@id\":\"https:\/\/agoodlifeinparis.com\/fr\/#\/schema\/person\/8ba30ef8d1b6768f61b4c71e8fec0567\",\"name\":\"Lydie\",\"image\":{\"@type\":\"ImageObject\",\"inLanguage\":\"fr-FR\",\"@id\":\"https:\/\/agoodlifeinparis.com\/fr\/#\/schema\/person\/image\/\",\"url\":\"https:\/\/secure.gravatar.com\/avatar\/57fadb06bcaad063e37d08ab7bf617a51be5db3883c0f870f22dfeb4ea24bb6b?s=96&d=mm&r=g\",\"contentUrl\":\"https:\/\/secure.gravatar.com\/avatar\/57fadb06bcaad063e37d08ab7bf617a51be5db3883c0f870f22dfeb4ea24bb6b?s=96&d=mm&r=g\",\"caption\":\"Lydie\"},\"url\":\"https:\/\/agoodlifeinparis.com\/fr\/author\/admin7128\/\"}]}<\/script>\n<!-- \/ Yoast SEO plugin. -->","yoast_head_json":{"title":"Le travail, c'est de l'amour rendu visible. - A Good Life in Paris","description":"Je trouve cette citation de Khalil Gibran \u00e9blouissante. J'essaie de l'appliquer \u00e0 ma propre vie, et lorsque je rencontre des personnes qui l'incarnent, c'est pour moi \u00e0 chaque fois une nouvelle r\u00e9v\u00e9lation. Compte-rendu d'une rencontre pleine de po\u00e9sie avec l'artiste Gilles Lorin.","robots":{"index":"index","follow":"follow","max-snippet":"max-snippet:-1","max-image-preview":"max-image-preview:large","max-video-preview":"max-video-preview:-1"},"canonical":"https:\/\/agoodlifeinparis.com\/fr\/le-travail-cest-de-lamour-rendu-visible\/","og_locale":"fr_FR","og_type":"article","og_title":"Le travail, c'est de l'amour rendu visible. - A Good Life in Paris","og_description":"Je trouve cette citation de Khalil Gibran \u00e9blouissante. J'essaie de l'appliquer \u00e0 ma propre vie, et lorsque je rencontre des personnes qui l'incarnent, c'est pour moi \u00e0 chaque fois une nouvelle r\u00e9v\u00e9lation. Compte-rendu d'une rencontre pleine de po\u00e9sie avec l'artiste Gilles Lorin.","og_url":"https:\/\/agoodlifeinparis.com\/fr\/le-travail-cest-de-lamour-rendu-visible\/","og_site_name":"A Good Life in Paris","article_published_time":"2021-01-17T00:28:34+00:00","article_modified_time":"2021-12-17T16:31:20+00:00","og_image":[{"width":1080,"height":617,"url":"https:\/\/agoodlifeinparis.com\/wp-content\/uploads\/2020\/01\/Banner_Gilleslorin-4.jpg","type":"image\/jpeg"}],"author":"Lydie","twitter_card":"summary_large_image","twitter_misc":{"\u00c9crit par":"Lydie","Dur\u00e9e de lecture estim\u00e9e":"11 minutes"},"schema":{"@context":"https:\/\/schema.org","@graph":[{"@type":"WebPage","@id":"https:\/\/agoodlifeinparis.com\/fr\/le-travail-cest-de-lamour-rendu-visible\/","url":"https:\/\/agoodlifeinparis.com\/fr\/le-travail-cest-de-lamour-rendu-visible\/","name":"Le travail, c'est de l'amour rendu visible. - A Good Life in Paris","isPartOf":{"@id":"https:\/\/agoodlifeinparis.com\/fr\/#website"},"primaryImageOfPage":{"@id":"https:\/\/agoodlifeinparis.com\/fr\/le-travail-cest-de-lamour-rendu-visible\/#primaryimage"},"image":{"@id":"https:\/\/agoodlifeinparis.com\/fr\/le-travail-cest-de-lamour-rendu-visible\/#primaryimage"},"thumbnailUrl":"https:\/\/agoodlifeinparis.com\/wp-content\/uploads\/2020\/01\/Banner_Gilleslorin-4.jpg","datePublished":"2021-01-17T00:28:34+00:00","dateModified":"2021-12-17T16:31:20+00:00","author":{"@id":"https:\/\/agoodlifeinparis.com\/fr\/#\/schema\/person\/8ba30ef8d1b6768f61b4c71e8fec0567"},"description":"Je trouve cette citation de Khalil Gibran \u00e9blouissante. J'essaie de l'appliquer \u00e0 ma propre vie, et lorsque je rencontre des personnes qui l'incarnent, c'est pour moi \u00e0 chaque fois une nouvelle r\u00e9v\u00e9lation. Compte-rendu d'une rencontre pleine de po\u00e9sie avec l'artiste Gilles Lorin.","breadcrumb":{"@id":"https:\/\/agoodlifeinparis.com\/fr\/le-travail-cest-de-lamour-rendu-visible\/#breadcrumb"},"inLanguage":"fr-FR","potentialAction":[{"@type":"ReadAction","target":["https:\/\/agoodlifeinparis.com\/fr\/le-travail-cest-de-lamour-rendu-visible\/"]}]},{"@type":"ImageObject","inLanguage":"fr-FR","@id":"https:\/\/agoodlifeinparis.com\/fr\/le-travail-cest-de-lamour-rendu-visible\/#primaryimage","url":"https:\/\/agoodlifeinparis.com\/wp-content\/uploads\/2020\/01\/Banner_Gilleslorin-4.jpg","contentUrl":"https:\/\/agoodlifeinparis.com\/wp-content\/uploads\/2020\/01\/Banner_Gilleslorin-4.jpg","width":1080,"height":617,"caption":"Gilles Lorin, Fotofever Paris 2019"},{"@type":"BreadcrumbList","@id":"https:\/\/agoodlifeinparis.com\/fr\/le-travail-cest-de-lamour-rendu-visible\/#breadcrumb","itemListElement":[{"@type":"ListItem","position":1,"name":"Home","item":"https:\/\/agoodlifeinparis.com\/fr\/"},{"@type":"ListItem","position":2,"name":"Le travail, c&#8217;est de l&#8217;amour rendu visible."}]},{"@type":"WebSite","@id":"https:\/\/agoodlifeinparis.com\/fr\/#website","url":"https:\/\/agoodlifeinparis.com\/fr\/","name":"A Good Life in Paris","description":"Find yourself on your journey to Paris!","potentialAction":[{"@type":"SearchAction","target":{"@type":"EntryPoint","urlTemplate":"https:\/\/agoodlifeinparis.com\/fr\/?s={search_term_string}"},"query-input":{"@type":"PropertyValueSpecification","valueRequired":true,"valueName":"search_term_string"}}],"inLanguage":"fr-FR"},{"@type":"Person","@id":"https:\/\/agoodlifeinparis.com\/fr\/#\/schema\/person\/8ba30ef8d1b6768f61b4c71e8fec0567","name":"Lydie","image":{"@type":"ImageObject","inLanguage":"fr-FR","@id":"https:\/\/agoodlifeinparis.com\/fr\/#\/schema\/person\/image\/","url":"https:\/\/secure.gravatar.com\/avatar\/57fadb06bcaad063e37d08ab7bf617a51be5db3883c0f870f22dfeb4ea24bb6b?s=96&d=mm&r=g","contentUrl":"https:\/\/secure.gravatar.com\/avatar\/57fadb06bcaad063e37d08ab7bf617a51be5db3883c0f870f22dfeb4ea24bb6b?s=96&d=mm&r=g","caption":"Lydie"},"url":"https:\/\/agoodlifeinparis.com\/fr\/author\/admin7128\/"}]}},"_links":{"self":[{"href":"https:\/\/agoodlifeinparis.com\/fr\/wp-json\/wp\/v2\/posts\/1311","targetHints":{"allow":["GET"]}}],"collection":[{"href":"https:\/\/agoodlifeinparis.com\/fr\/wp-json\/wp\/v2\/posts"}],"about":[{"href":"https:\/\/agoodlifeinparis.com\/fr\/wp-json\/wp\/v2\/types\/post"}],"author":[{"embeddable":true,"href":"https:\/\/agoodlifeinparis.com\/fr\/wp-json\/wp\/v2\/users\/1"}],"replies":[{"embeddable":true,"href":"https:\/\/agoodlifeinparis.com\/fr\/wp-json\/wp\/v2\/comments?post=1311"}],"version-history":[{"count":19,"href":"https:\/\/agoodlifeinparis.com\/fr\/wp-json\/wp\/v2\/posts\/1311\/revisions"}],"predecessor-version":[{"id":1691,"href":"https:\/\/agoodlifeinparis.com\/fr\/wp-json\/wp\/v2\/posts\/1311\/revisions\/1691"}],"wp:featuredmedia":[{"embeddable":true,"href":"https:\/\/agoodlifeinparis.com\/fr\/wp-json\/wp\/v2\/media\/1294"}],"wp:attachment":[{"href":"https:\/\/agoodlifeinparis.com\/fr\/wp-json\/wp\/v2\/media?parent=1311"}],"wp:term":[{"taxonomy":"category","embeddable":true,"href":"https:\/\/agoodlifeinparis.com\/fr\/wp-json\/wp\/v2\/categories?post=1311"},{"taxonomy":"post_tag","embeddable":true,"href":"https:\/\/agoodlifeinparis.com\/fr\/wp-json\/wp\/v2\/tags?post=1311"}],"curies":[{"name":"wp","href":"https:\/\/api.w.org\/{rel}","templated":true}]}}